{"id":7850,"date":"2021-04-23T12:04:13","date_gmt":"2021-04-23T12:04:13","guid":{"rendered":"http:\/\/grafologia.cat\/sant-jordi-2021\/"},"modified":"2022-12-30T19:04:10","modified_gmt":"2022-12-30T19:04:10","slug":"sant-jordi-2021","status":"publish","type":"post","link":"https:\/\/ull.grafologia.cat\/ca\/sant-jordi-2021\/","title":{"rendered":"Sant Jordi 2021"},"content":{"rendered":"<p>&nbsp;<\/p>\n<p><img loading=\"lazy\" decoding=\"async\" class=\"aligncenter wp-image-7171\" src=\"https:\/\/ull.grafologia.cat\/wp-content\/uploads\/2021\/04\/Sant-Jordi-2021-240x300.jpg\" alt=\"\" width=\"500\" height=\"625\" srcset=\"https:\/\/ull.grafologia.cat\/wp-content\/uploads\/2021\/04\/Sant-Jordi-2021-240x300.jpg 240w, https:\/\/ull.grafologia.cat\/wp-content\/uploads\/2021\/04\/Sant-Jordi-2021-819x1024.jpg 819w, https:\/\/ull.grafologia.cat\/wp-content\/uploads\/2021\/04\/Sant-Jordi-2021-768x960.jpg 768w, https:\/\/ull.grafologia.cat\/wp-content\/uploads\/2021\/04\/Sant-Jordi-2021-1229x1536.jpg 1229w, https:\/\/ull.grafologia.cat\/wp-content\/uploads\/2021\/04\/Sant-Jordi-2021.jpg 1440w\" sizes=\"auto, (max-width: 500px) 100vw, 500px\" \/><\/p>\n<p style=\"text-align: left;\">Segueix sent\u00a0 el meu dia preferit de l&#8217;any.<\/p>\n<p style=\"text-align: left;\"><strong>23 de abril<\/strong>, dia de roses, de molts llibres i de v\u00e8ncer dracs, ja siguin imaginaris, en forma de virus o amb qualsevol altre aspecte.<\/p>\n<p style=\"text-align: left;\">Dia de passejar pels carrers i buscar aquell llibre que ens van recomenar. De caminar a la recerca d&#8217;aquella <strong>rosa<\/strong>\u00a0 que brilla fresca, la m\u00e9s bonica i olorosa de totes. Dia d&#8217;arribar tant cansada a casa d&#8217;haver estat en tants stands, d&#8217;haver caminat tant, que nom\u00e9s vols tirar- te al sof\u00e0 i comen\u00e7ar a fullejar els <strong>llibres<\/strong> que has triat, como aquell que mira el seu tresor.<\/p>\n<p style=\"text-align: left;\">Encara no es pot celebrar com a mi m&#8217;agrada, per\u00f2 ho dono per bo si tenim salut i moltes ganes de llegir i compartir roses. L&#8217;any que ve tornarem a ca\u00e7ar\u00a0 <strong>dracs<\/strong>.<\/p>\n","protected":false},"excerpt":{"rendered":"<p>&nbsp; Segueix sent\u00a0 el meu dia preferit de l&#8217;any. 23 de abril, dia de roses, de molts llibres i de v\u00e8ncer dracs, ja siguin imaginaris,&#8230;<\/p>\n","protected":false},"author":2,"featured_media":7567,"comment_status":"open","ping_status":"open","sticky":false,"template":"","format":"standard","meta":{"footnotes":""},"categories":[56,81,86],"tags":[],"class_list":["post-7850","post","type-post","status-publish","format-standard","has-post-thumbnail","category-grafologia-ca","category-llibres-ca","category-sant-jordi-ca"],"aioseo_notices":[],"aioseo_head":"\n\t\t<!-- All in One SEO 5.0.1.1 - aioseo.com -->\n\t<meta name=\"description\" content=\"Segueix sent el meu dia preferit de l&#039;any. 23 de abril, dia de roses, de molts llibres i de v\u00e8ncer dracs, ja siguin imaginaris, en forma de virus o amb qualsevol altre aspecte. Dia de passejar pels carrers i buscar aquell llibre que ens van recomenar. De caminar a la recerca d&#039;aquella rosa que\" \/>\n\t<meta name=\"robots\" content=\"noindex, nofollow, max-image-preview:large\" \/>\n\t<meta name=\"author\" content=\"Eva Mi\u00f1ana\"\/>\n\t<link rel=\"canonical\" href=\"https:\/\/ull.grafologia.cat\/ca\/sant-jordi-2021\/\" \/>\n\t<meta name=\"generator\" content=\"All in One SEO (AIOSEO) 5.0.1.1\" \/>\n\t\t<meta property=\"og:locale\" content=\"ca_ES\" \/>\n\t\t<meta property=\"og:site_name\" content=\"Eva Mi\u00f1ana - Grafolog\u00eda y Peritaje Caligr\u00e1fico - Web de Eva Mi\u00f1ana dedicada a la Grafolog\u00eda y al Peritaje Caligr\u00e1fico\" \/>\n\t\t<meta property=\"og:type\" content=\"article\" \/>\n\t\t<meta property=\"og:title\" content=\"Sant Jordi 2021 - Eva Mi\u00f1ana - Grafolog\u00eda y Peritaje Caligr\u00e1fico\" \/>\n\t\t<meta property=\"og:description\" content=\"Segueix sent el meu dia preferit de l&#039;any. 23 de abril, dia de roses, de molts llibres i de v\u00e8ncer dracs, ja siguin imaginaris, en forma de virus o amb qualsevol altre aspecte. Dia de passejar pels carrers i buscar aquell llibre que ens van recomenar. De caminar a la recerca d&#039;aquella rosa que\" \/>\n\t\t<meta property=\"og:url\" content=\"https:\/\/ull.grafologia.cat\/ca\/sant-jordi-2021\/\" \/>\n\t\t<meta property=\"og:image\" content=\"https:\/\/ull.grafologia.cat\/wp-content\/uploads\/2021\/03\/Eva_web_2.jpg\" \/>\n\t\t<meta property=\"og:image:secure_url\" content=\"https:\/\/ull.grafologia.cat\/wp-content\/uploads\/2021\/03\/Eva_web_2.jpg\" \/>\n\t\t<meta property=\"og:image:width\" content=\"245\" \/>\n\t\t<meta property=\"og:image:height\" content=\"245\" \/>\n\t\t<meta property=\"article:published_time\" content=\"2021-04-23T12:04:13+00:00\" \/>\n\t\t<meta property=\"article:modified_time\" content=\"2022-12-30T19:04:10+00:00\" \/>\n\t\t<meta property=\"article:publisher\" content=\"https:\/\/www.facebook.com\/mundografologia\" \/>\n\t\t<meta name=\"twitter:card\" content=\"summary_large_image\" \/>\n\t\t<meta name=\"twitter:site\" content=\"@evagrafologia\" \/>\n\t\t<meta name=\"twitter:title\" content=\"Sant Jordi 2021 - Eva Mi\u00f1ana - Grafolog\u00eda y Peritaje Caligr\u00e1fico\" \/>\n\t\t<meta name=\"twitter:description\" content=\"Segueix sent el meu dia preferit de l&#039;any. 23 de abril, dia de roses, de molts llibres i de v\u00e8ncer dracs, ja siguin imaginaris, en forma de virus o amb qualsevol altre aspecte. Dia de passejar pels carrers i buscar aquell llibre que ens van recomenar. De caminar a la recerca d&#039;aquella rosa que\" \/>\n\t\t<meta name=\"twitter:creator\" content=\"@evagrafologia\" \/>\n\t\t<meta name=\"twitter:image\" content=\"https:\/\/ull.grafologia.cat\/wp-content\/uploads\/2021\/03\/Eva_web_2.jpg\" \/>\n\t\t<script type=\"application\/ld+json\" class=\"aioseo-schema\">\n\t\t\t{\"@context\":\"https:\\\/\\\/schema.org\",\"@graph\":[{\"@type\":\"BlogPosting\",\"@id\":\"https:\\\/\\\/ull.grafologia.cat\\\/ca\\\/sant-jordi-2021\\\/#blogposting\",\"name\":\"Sant Jordi 2021 - Eva Mi\\u00f1ana - Grafolog\\u00eda y Peritaje Caligr\\u00e1fico\",\"headline\":\"Sant Jordi 2021\",\"author\":{\"@id\":\"https:\\\/\\\/ull.grafologia.cat\\\/ca\\\/author\\\/eva-minana\\\/#author\"},\"publisher\":{\"@id\":\"https:\\\/\\\/ull.grafologia.cat\\\/ca\\\/#organization\"},\"image\":{\"@type\":\"ImageObject\",\"url\":\"https:\\\/\\\/ull.grafologia.cat\\\/wp-content\\\/uploads\\\/2021\\\/04\\\/rosa-sant-jordi-scaled.jpg\",\"width\":1920,\"height\":2560},\"datePublished\":\"2021-04-23T12:04:13+00:00\",\"dateModified\":\"2022-12-30T19:04:10+00:00\",\"inLanguage\":\"ca\",\"mainEntityOfPage\":{\"@id\":\"https:\\\/\\\/ull.grafologia.cat\\\/ca\\\/sant-jordi-2021\\\/#webpage\"},\"isPartOf\":{\"@id\":\"https:\\\/\\\/ull.grafologia.cat\\\/ca\\\/sant-jordi-2021\\\/#webpage\"},\"articleSection\":\"Grafolog\\u00eda, Llibres, Sant Jordi, Opcional\"},{\"@type\":\"BreadcrumbList\",\"@id\":\"https:\\\/\\\/ull.grafologia.cat\\\/ca\\\/sant-jordi-2021\\\/#breadcrumblist\",\"itemListElement\":[{\"@type\":\"ListItem\",\"@id\":\"https:\\\/\\\/ull.grafologia.cat\\\/ca\\\/#listItem\",\"position\":1,\"name\":\"Inicio\",\"item\":\"https:\\\/\\\/ull.grafologia.cat\\\/ca\\\/\",\"nextItem\":{\"@type\":\"ListItem\",\"@id\":\"https:\\\/\\\/ull.grafologia.cat\\\/ca\\\/category\\\/grafologia-ca\\\/#listItem\",\"name\":\"Grafolog\\u00eda\"}},{\"@type\":\"ListItem\",\"@id\":\"https:\\\/\\\/ull.grafologia.cat\\\/ca\\\/category\\\/grafologia-ca\\\/#listItem\",\"position\":2,\"name\":\"Grafolog\\u00eda\",\"item\":\"https:\\\/\\\/ull.grafologia.cat\\\/ca\\\/category\\\/grafologia-ca\\\/\",\"nextItem\":{\"@type\":\"ListItem\",\"@id\":\"https:\\\/\\\/ull.grafologia.cat\\\/ca\\\/sant-jordi-2021\\\/#listItem\",\"name\":\"Sant Jordi 2021\"},\"previousItem\":{\"@type\":\"ListItem\",\"@id\":\"https:\\\/\\\/ull.grafologia.cat\\\/ca\\\/#listItem\",\"name\":\"Inicio\"}},{\"@type\":\"ListItem\",\"@id\":\"https:\\\/\\\/ull.grafologia.cat\\\/ca\\\/sant-jordi-2021\\\/#listItem\",\"position\":3,\"name\":\"Sant Jordi 2021\",\"previousItem\":{\"@type\":\"ListItem\",\"@id\":\"https:\\\/\\\/ull.grafologia.cat\\\/ca\\\/category\\\/grafologia-ca\\\/#listItem\",\"name\":\"Grafolog\\u00eda\"}}]},{\"@type\":\"Organization\",\"@id\":\"https:\\\/\\\/ull.grafologia.cat\\\/ca\\\/#organization\",\"name\":\"Eva Mi\\u00f1ana - Grafolog\\u00eda y Peritaje Caligr\\u00e1fico\",\"description\":\"Web de Eva Mi\\u00f1ana dedicada a la Grafolog\\u00eda y al Peritaje Caligr\\u00e1fico\",\"url\":\"https:\\\/\\\/ull.grafologia.cat\\\/ca\\\/\",\"telephone\":\"+34670294722\",\"logo\":{\"@type\":\"ImageObject\",\"url\":\"https:\\\/\\\/ull.grafologia.cat\\\/wp-content\\\/uploads\\\/2022\\\/12\\\/Logo-Gran.png\",\"@id\":\"https:\\\/\\\/ull.grafologia.cat\\\/ca\\\/sant-jordi-2021\\\/#organizationLogo\",\"width\":832,\"height\":736},\"image\":{\"@id\":\"https:\\\/\\\/ull.grafologia.cat\\\/ca\\\/sant-jordi-2021\\\/#organizationLogo\"},\"sameAs\":[\"https:\\\/\\\/www.facebook.com\\\/mundografologia\",\"https:\\\/\\\/twitter.com\\\/evagrafologia\",\"https:\\\/\\\/www.instagram.com\\\/mundografologia\\\/\",\"https:\\\/\\\/www.youtube.com\\\/mundografologia\",\"https:\\\/\\\/www.linkedin.com\\\/in\\\/eva-miana\\\/?originalSubdomain=es\"]},{\"@type\":\"Person\",\"@id\":\"https:\\\/\\\/ull.grafologia.cat\\\/ca\\\/author\\\/eva-minana\\\/#author\",\"url\":\"https:\\\/\\\/ull.grafologia.cat\\\/ca\\\/author\\\/eva-minana\\\/\",\"name\":\"Eva Mi\\u00f1ana\",\"image\":{\"@type\":\"ImageObject\",\"@id\":\"https:\\\/\\\/ull.grafologia.cat\\\/ca\\\/sant-jordi-2021\\\/#authorImage\",\"url\":\"https:\\\/\\\/secure.gravatar.com\\\/avatar\\\/5d89b81cd437098b46df56ef6d16a36ce3cc6be2768ecf98cdcfeb46aef25c76?s=96&d=mm&r=g\",\"width\":96,\"height\":96,\"caption\":\"Eva Mi\\u00f1ana\"}},{\"@type\":\"WebPage\",\"@id\":\"https:\\\/\\\/ull.grafologia.cat\\\/ca\\\/sant-jordi-2021\\\/#webpage\",\"url\":\"https:\\\/\\\/ull.grafologia.cat\\\/ca\\\/sant-jordi-2021\\\/\",\"name\":\"Sant Jordi 2021 - Eva Mi\\u00f1ana - Grafolog\\u00eda y Peritaje Caligr\\u00e1fico\",\"description\":\"Segueix sent el meu dia preferit de l'any. 23 de abril, dia de roses, de molts llibres i de v\\u00e8ncer dracs, ja siguin imaginaris, en forma de virus o amb qualsevol altre aspecte. Dia de passejar pels carrers i buscar aquell llibre que ens van recomenar. De caminar a la recerca d'aquella rosa que\",\"inLanguage\":\"ca\",\"isPartOf\":{\"@id\":\"https:\\\/\\\/ull.grafologia.cat\\\/ca\\\/#website\"},\"breadcrumb\":{\"@id\":\"https:\\\/\\\/ull.grafologia.cat\\\/ca\\\/sant-jordi-2021\\\/#breadcrumblist\"},\"author\":{\"@id\":\"https:\\\/\\\/ull.grafologia.cat\\\/ca\\\/author\\\/eva-minana\\\/#author\"},\"creator\":{\"@id\":\"https:\\\/\\\/ull.grafologia.cat\\\/ca\\\/author\\\/eva-minana\\\/#author\"},\"image\":{\"@type\":\"ImageObject\",\"url\":\"https:\\\/\\\/ull.grafologia.cat\\\/wp-content\\\/uploads\\\/2021\\\/04\\\/rosa-sant-jordi-scaled.jpg\",\"@id\":\"https:\\\/\\\/ull.grafologia.cat\\\/ca\\\/sant-jordi-2021\\\/#mainImage\",\"width\":1920,\"height\":2560},\"primaryImageOfPage\":{\"@id\":\"https:\\\/\\\/ull.grafologia.cat\\\/ca\\\/sant-jordi-2021\\\/#mainImage\"},\"datePublished\":\"2021-04-23T12:04:13+00:00\",\"dateModified\":\"2022-12-30T19:04:10+00:00\"},{\"@type\":\"WebSite\",\"@id\":\"https:\\\/\\\/ull.grafologia.cat\\\/ca\\\/#website\",\"url\":\"https:\\\/\\\/ull.grafologia.cat\\\/ca\\\/\",\"name\":\"Eva Mi\\u00f1ana - Grafolog\\u00eda y Peritaje Caligr\\u00e1fico\",\"description\":\"Web de Eva Mi\\u00f1ana dedicada a la Grafolog\\u00eda y al Peritaje Caligr\\u00e1fico\",\"inLanguage\":\"ca\",\"publisher\":{\"@id\":\"https:\\\/\\\/ull.grafologia.cat\\\/ca\\\/#organization\"}}]}\n\t\t<\/script>\n\t\t<!-- All in One SEO -->\n\n","aioseo_head_json":{"title":"Sant Jordi 2021 - Eva Mi\u00f1ana - Grafolog\u00eda y Peritaje Caligr\u00e1fico","description":"Segueix sent el meu dia preferit de l'any. 23 de abril, dia de roses, de molts llibres i de v\u00e8ncer dracs, ja siguin imaginaris, en forma de virus o amb qualsevol altre aspecte. Dia de passejar pels carrers i buscar aquell llibre que ens van recomenar. De caminar a la recerca d'aquella rosa que","canonical_url":"https:\/\/ull.grafologia.cat\/ca\/sant-jordi-2021\/","robots":"noindex, nofollow, max-image-preview:large","keywords":"","webmasterTools":{"miscellaneous":""},"schema":{"@context":"https:\/\/schema.org","@graph":[{"@type":"BlogPosting","@id":"https:\/\/ull.grafologia.cat\/ca\/sant-jordi-2021\/#blogposting","name":"Sant Jordi 2021 - Eva Mi\u00f1ana - Grafolog\u00eda y Peritaje Caligr\u00e1fico","headline":"Sant Jordi 2021","author":{"@id":"https:\/\/ull.grafologia.cat\/ca\/author\/eva-minana\/#author"},"publisher":{"@id":"https:\/\/ull.grafologia.cat\/ca\/#organization"},"image":{"@type":"ImageObject","url":"https:\/\/ull.grafologia.cat\/wp-content\/uploads\/2021\/04\/rosa-sant-jordi-scaled.jpg","width":1920,"height":2560},"datePublished":"2021-04-23T12:04:13+00:00","dateModified":"2022-12-30T19:04:10+00:00","inLanguage":"ca","mainEntityOfPage":{"@id":"https:\/\/ull.grafologia.cat\/ca\/sant-jordi-2021\/#webpage"},"isPartOf":{"@id":"https:\/\/ull.grafologia.cat\/ca\/sant-jordi-2021\/#webpage"},"articleSection":"Grafolog\u00eda, Llibres, Sant Jordi, Opcional"},{"@type":"BreadcrumbList","@id":"https:\/\/ull.grafologia.cat\/ca\/sant-jordi-2021\/#breadcrumblist","itemListElement":[{"@type":"ListItem","@id":"https:\/\/ull.grafologia.cat\/ca\/#listItem","position":1,"name":"Inicio","item":"https:\/\/ull.grafologia.cat\/ca\/","nextItem":{"@type":"ListItem","@id":"https:\/\/ull.grafologia.cat\/ca\/category\/grafologia-ca\/#listItem","name":"Grafolog\u00eda"}},{"@type":"ListItem","@id":"https:\/\/ull.grafologia.cat\/ca\/category\/grafologia-ca\/#listItem","position":2,"name":"Grafolog\u00eda","item":"https:\/\/ull.grafologia.cat\/ca\/category\/grafologia-ca\/","nextItem":{"@type":"ListItem","@id":"https:\/\/ull.grafologia.cat\/ca\/sant-jordi-2021\/#listItem","name":"Sant Jordi 2021"},"previousItem":{"@type":"ListItem","@id":"https:\/\/ull.grafologia.cat\/ca\/#listItem","name":"Inicio"}},{"@type":"ListItem","@id":"https:\/\/ull.grafologia.cat\/ca\/sant-jordi-2021\/#listItem","position":3,"name":"Sant Jordi 2021","previousItem":{"@type":"ListItem","@id":"https:\/\/ull.grafologia.cat\/ca\/category\/grafologia-ca\/#listItem","name":"Grafolog\u00eda"}}]},{"@type":"Organization","@id":"https:\/\/ull.grafologia.cat\/ca\/#organization","name":"Eva Mi\u00f1ana - Grafolog\u00eda y Peritaje Caligr\u00e1fico","description":"Web de Eva Mi\u00f1ana dedicada a la Grafolog\u00eda y al Peritaje Caligr\u00e1fico","url":"https:\/\/ull.grafologia.cat\/ca\/","telephone":"+34670294722","logo":{"@type":"ImageObject","url":"https:\/\/ull.grafologia.cat\/wp-content\/uploads\/2022\/12\/Logo-Gran.png","@id":"https:\/\/ull.grafologia.cat\/ca\/sant-jordi-2021\/#organizationLogo","width":832,"height":736},"image":{"@id":"https:\/\/ull.grafologia.cat\/ca\/sant-jordi-2021\/#organizationLogo"},"sameAs":["https:\/\/www.facebook.com\/mundografologia","https:\/\/twitter.com\/evagrafologia","https:\/\/www.instagram.com\/mundografologia\/","https:\/\/www.youtube.com\/mundografologia","https:\/\/www.linkedin.com\/in\/eva-miana\/?originalSubdomain=es"]},{"@type":"Person","@id":"https:\/\/ull.grafologia.cat\/ca\/author\/eva-minana\/#author","url":"https:\/\/ull.grafologia.cat\/ca\/author\/eva-minana\/","name":"Eva Mi\u00f1ana","image":{"@type":"ImageObject","@id":"https:\/\/ull.grafologia.cat\/ca\/sant-jordi-2021\/#authorImage","url":"https:\/\/secure.gravatar.com\/avatar\/5d89b81cd437098b46df56ef6d16a36ce3cc6be2768ecf98cdcfeb46aef25c76?s=96&d=mm&r=g","width":96,"height":96,"caption":"Eva Mi\u00f1ana"}},{"@type":"WebPage","@id":"https:\/\/ull.grafologia.cat\/ca\/sant-jordi-2021\/#webpage","url":"https:\/\/ull.grafologia.cat\/ca\/sant-jordi-2021\/","name":"Sant Jordi 2021 - Eva Mi\u00f1ana - Grafolog\u00eda y Peritaje Caligr\u00e1fico","description":"Segueix sent el meu dia preferit de l'any. 23 de abril, dia de roses, de molts llibres i de v\u00e8ncer dracs, ja siguin imaginaris, en forma de virus o amb qualsevol altre aspecte. Dia de passejar pels carrers i buscar aquell llibre que ens van recomenar. De caminar a la recerca d'aquella rosa que","inLanguage":"ca","isPartOf":{"@id":"https:\/\/ull.grafologia.cat\/ca\/#website"},"breadcrumb":{"@id":"https:\/\/ull.grafologia.cat\/ca\/sant-jordi-2021\/#breadcrumblist"},"author":{"@id":"https:\/\/ull.grafologia.cat\/ca\/author\/eva-minana\/#author"},"creator":{"@id":"https:\/\/ull.grafologia.cat\/ca\/author\/eva-minana\/#author"},"image":{"@type":"ImageObject","url":"https:\/\/ull.grafologia.cat\/wp-content\/uploads\/2021\/04\/rosa-sant-jordi-scaled.jpg","@id":"https:\/\/ull.grafologia.cat\/ca\/sant-jordi-2021\/#mainImage","width":1920,"height":2560},"primaryImageOfPage":{"@id":"https:\/\/ull.grafologia.cat\/ca\/sant-jordi-2021\/#mainImage"},"datePublished":"2021-04-23T12:04:13+00:00","dateModified":"2022-12-30T19:04:10+00:00"},{"@type":"WebSite","@id":"https:\/\/ull.grafologia.cat\/ca\/#website","url":"https:\/\/ull.grafologia.cat\/ca\/","name":"Eva Mi\u00f1ana - Grafolog\u00eda y Peritaje Caligr\u00e1fico","description":"Web de Eva Mi\u00f1ana dedicada a la Grafolog\u00eda y al Peritaje Caligr\u00e1fico","inLanguage":"ca","publisher":{"@id":"https:\/\/ull.grafologia.cat\/ca\/#organization"}}]},"og:locale":"ca_ES","og:site_name":"Eva Mi\u00f1ana - Grafolog\u00eda y Peritaje Caligr\u00e1fico - Web de Eva Mi\u00f1ana dedicada a la Grafolog\u00eda y al Peritaje Caligr\u00e1fico","og:type":"article","og:title":"Sant Jordi 2021 - Eva Mi\u00f1ana - Grafolog\u00eda y Peritaje Caligr\u00e1fico","og:description":"Segueix sent el meu dia preferit de l'any. 23 de abril, dia de roses, de molts llibres i de v\u00e8ncer dracs, ja siguin imaginaris, en forma de virus o amb qualsevol altre aspecte. Dia de passejar pels carrers i buscar aquell llibre que ens van recomenar. De caminar a la recerca d'aquella rosa que","og:url":"https:\/\/ull.grafologia.cat\/ca\/sant-jordi-2021\/","og:image":"https:\/\/ull.grafologia.cat\/wp-content\/uploads\/2021\/03\/Eva_web_2.jpg","og:image:secure_url":"https:\/\/ull.grafologia.cat\/wp-content\/uploads\/2021\/03\/Eva_web_2.jpg","og:image:width":245,"og:image:height":245,"article:published_time":"2021-04-23T12:04:13+00:00","article:modified_time":"2022-12-30T19:04:10+00:00","article:publisher":"https:\/\/www.facebook.com\/mundografologia","twitter:card":"summary_large_image","twitter:site":"@evagrafologia","twitter:title":"Sant Jordi 2021 - Eva Mi\u00f1ana - Grafolog\u00eda y Peritaje Caligr\u00e1fico","twitter:description":"Segueix sent el meu dia preferit de l'any. 23 de abril, dia de roses, de molts llibres i de v\u00e8ncer dracs, ja siguin imaginaris, en forma de virus o amb qualsevol altre aspecte. Dia de passejar pels carrers i buscar aquell llibre que ens van recomenar. De caminar a la recerca d'aquella rosa que","twitter:creator":"@evagrafologia","twitter:image":"https:\/\/ull.grafologia.cat\/wp-content\/uploads\/2021\/03\/Eva_web_2.jpg"},"aioseo_meta_data":{"post_id":"7850","title":null,"description":null,"keywords":null,"keyphrases":null,"primary_term":null,"canonical_url":null,"og_title":null,"og_description":null,"og_object_type":"default","og_image_type":"default","og_image_url":null,"og_image_width":null,"og_image_height":null,"og_image_custom_url":null,"og_image_custom_fields":null,"og_video":null,"og_custom_url":null,"og_article_section":null,"og_article_tags":null,"twitter_use_og":false,"twitter_card":"default","twitter_image_type":"default","twitter_image_url":null,"twitter_image_custom_url":null,"twitter_image_custom_fields":null,"twitter_title":null,"twitter_description":null,"schema":{"blockGraphs":[],"customGraphs":[],"default":{"data":{"Article":[],"Course":[],"Dataset":[],"FAQPage":[],"Movie":[],"Person":[],"Product":[],"ProductReview":[],"Car":[],"Recipe":[],"Service":[],"SoftwareApplication":[],"WebPage":[]},"graphName":"","isEnabled":true},"graphs":[]},"schema_type":"default","schema_type_options":null,"pillar_content":false,"robots_default":true,"robots_noindex":false,"robots_noarchive":false,"robots_nosnippet":false,"robots_nofollow":false,"robots_noimageindex":false,"robots_noodp":false,"robots_notranslate":false,"robots_max_snippet":null,"robots_max_videopreview":null,"robots_max_imagepreview":"large","priority":null,"frequency":null,"local_seo":null,"limit_modified_date":false,"created":"2022-12-31 15:42:17","updated":"2026-07-09 01:43:26","ai":null,"breadcrumb_settings":null,"seo_analyzer_scan_date":null,"focus_keyword":null,"additional_keywords":null,"truseo_locale":null},"aioseo_breadcrumb":"<div class=\"aioseo-breadcrumbs\"><span class=\"aioseo-breadcrumb\">\n\t\t\t<a href=\"https:\/\/ull.grafologia.cat\/ca\/\" title=\"Inicio\">Inicio<\/a>\n\t\t<\/span><span class=\"aioseo-breadcrumb-separator\">&raquo;<\/span><span class=\"aioseo-breadcrumb\">\n\t\t\t<a href=\"https:\/\/ull.grafologia.cat\/ca\/category\/grafologia-ca\/\" title=\"Grafolog\u00eda\">Grafolog\u00eda<\/a>\n\t\t<\/span><span class=\"aioseo-breadcrumb-separator\">&raquo;<\/span><span class=\"aioseo-breadcrumb\">\n\t\t\tSant Jordi 2021\n\t\t<\/span><\/div>","aioseo_breadcrumb_json":[{"label":"Inicio","link":"https:\/\/ull.grafologia.cat\/ca\/"},{"label":"Grafolog\u00eda","link":"https:\/\/ull.grafologia.cat\/ca\/category\/grafologia-ca\/"},{"label":"Sant Jordi 2021","link":"https:\/\/ull.grafologia.cat\/ca\/sant-jordi-2021\/"}],"_links":{"self":[{"href":"https:\/\/ull.grafologia.cat\/ca\/wp-json\/wp\/v2\/posts\/7850","targetHints":{"allow":["GET"]}}],"collection":[{"href":"https:\/\/ull.grafologia.cat\/ca\/wp-json\/wp\/v2\/posts"}],"about":[{"href":"https:\/\/ull.grafologia.cat\/ca\/wp-json\/wp\/v2\/types\/post"}],"author":[{"embeddable":true,"href":"https:\/\/ull.grafologia.cat\/ca\/wp-json\/wp\/v2\/users\/2"}],"replies":[{"embeddable":true,"href":"https:\/\/ull.grafologia.cat\/ca\/wp-json\/wp\/v2\/comments?post=7850"}],"version-history":[{"count":1,"href":"https:\/\/ull.grafologia.cat\/ca\/wp-json\/wp\/v2\/posts\/7850\/revisions"}],"predecessor-version":[{"id":7851,"href":"https:\/\/ull.grafologia.cat\/ca\/wp-json\/wp\/v2\/posts\/7850\/revisions\/7851"}],"wp:featuredmedia":[{"embeddable":true,"href":"https:\/\/ull.grafologia.cat\/ca\/wp-json\/wp\/v2\/media\/7567"}],"wp:attachment":[{"href":"https:\/\/ull.grafologia.cat\/ca\/wp-json\/wp\/v2\/media?parent=7850"}],"wp:term":[{"taxonomy":"category","embeddable":true,"href":"https:\/\/ull.grafologia.cat\/ca\/wp-json\/wp\/v2\/categories?post=7850"},{"taxonomy":"post_tag","embeddable":true,"href":"https:\/\/ull.grafologia.cat\/ca\/wp-json\/wp\/v2\/tags?post=7850"}],"curies":[{"name":"wp","href":"https:\/\/api.w.org\/{rel}","templated":true}]}}